{"id":189379,"date":"2021-05-08T18:36:09","date_gmt":"2021-05-08T15:36:09","guid":{"rendered":"https:\/\/champlacanienathenes.net\/?p=189379"},"modified":"2021-05-08T18:36:34","modified_gmt":"2021-05-08T15:36:34","slug":"la-justice-du-pere","status":"publish","type":"post","link":"https:\/\/champlacanienathenes.net\/fr\/publications-fr\/journees-internationales\/la-justice-du-pere\/","title":{"rendered":"La justice du P\u00e8re"},"content":{"rendered":"<section class=\"wpb-content-wrapper\">[vc_row wn_class=&#8221;wn-row-60957cf6ec217&#8243;][vc_column wn_class=&#8221;wn-column-60957cf6ec16f&#8221;][vc_column_text]<strong>Pr\u00e9lude &#8211; FCL Liban\u00a0<\/strong><\/p>\n<p><strong>1\u00e8re Journ\u00e9e en ligne de la Zone Plurilingue de l&#8217;IF-EPFCL\u00a0<\/strong><\/p>\n<p>En psychanalyse, on ne parle pas de la justice, elle n\u2019est pas un concept analytique mais elle en est de base. La justice est en fait une probl\u00e9matique biologique et anthropologique. C\u2019est une question qui se pose en philosophie.<br \/>\n\u00ab\u00a0L\u2019homme juste \u00e9tablit un ordre int\u00e9rieur, il harmonise les trois parties de son \u00e2me absolument comme les trois termes de l\u2019\u00e9chelle musicale\u00a0\u00bb, disait Platon (La R\u00e9publique).<br \/>\nDe quelle justice parle-t-on en psychanalyse\u00a0? En parle-t-on\u00a0? Y aurait-il un homme \u00e0 qui le signifiant\u00a0\u00ab\u00a0juste\u00a0\u00bb serait attribuable\u00a0?<\/p>\n<p>&nbsp;<\/p>\n<p>Certes, malgr\u00e9 l\u2019exclusion de l\u2019emploi du signifiant justice en psychanalyse, La seule justice reste celle de la \u00ab\u00a0castration\u00a0\u00bb (Lacan, le S\u00e9minaire <em>La relation d\u2019objet<\/em>) faite par le p\u00e8re de la fonction paternelle. C\u2019est la s\u00e9paration de la jouissance du corps de l\u2019Autre maternel. Pour Lacan, la castration ne vient pas tant d\u2019une r\u00e9pression ext\u00e9rieure, que d\u2019une mise en acte du fait de la parole. C\u2019est dans le fait d\u2019\u00eatre pris dans le langage que le sujet perd la jouissance premi\u00e8re de son corps. L\u2019enfant, d\u00e9log\u00e9 de la place d\u2019\u00eatre le phallus de la m\u00e8re y rencontre le p\u00e9nis du p\u00e8re (c\u2019est cela qui justifie son absence). C\u2019est l\u2019exp\u00e9rience du manque qui humanise l\u2019\u00eatre humain par l\u2019acc\u00e8s \u00e0 son d\u00e9sir.<\/p>\n<p>La castration serait donc une op\u00e9ration symbolique qui s\u2019exerce sur un objet imaginaire, dont l\u2019agent est le p\u00e8re symbolique.<\/p>\n<p>Ainsi, la justice est phallique, elle est la vertu de la Loi. \u00ab\u00a0Je suis castr\u00e9 comme mon p\u00e8re\u00a0!\u00a0\u00bb avec toute la souffrance, la perte, la privation etc\u2026 qu\u2019engendre cet exil de la Lalange maternelle.<\/p>\n<p>Du c\u00f4t\u00e9 maternel, l\u2019injustice prend le relais. L\u2019amour maternel est \u00ab\u00a0capricieux\u00a0\u00bb, il porte en lui ce que l\u2019enfant repr\u00e9sente pour sa m\u00e8re. Et dans ce r\u00f4le, le maternel marque ce qu\u2019est l\u2019injustice dans cette relation duelle m\u00e8re-enfant.<\/p>\n<p>&nbsp;<\/p>\n<p>On traite souvent la question du p\u00e8re \u00e0 travers sa fonction s\u00e9paratrice, sans mentionner son r\u00f4le \u2013 s\u2019il en a \u2013 au sein de sa famille. Quel est donc le r\u00f4le du p\u00e8re\u00a0? Que d\u00e9signe-t-on par le signifiant \u00ab\u00a0r\u00f4le-du-p\u00e8re\u00a0\u00bb, le r\u00f4le \u00e9tant pr\u00e9alablement attribuait \u00e0 la m\u00e8re\u00a0?<\/p>\n<p>Un questionnement \u00e0 r\u00e9fl\u00e9chir \u2026<\/p>\n<p>&nbsp;<\/p>\n<p style=\"text-align: right;\">Cynthia Jabbour<\/p>\n<p style=\"text-align: right;\">Forum du Champ Lacanien du Liban<\/p>\n[\/vc_column_text][\/vc_column][\/vc_row][vc_row wn_class=&#8221;wn-row-6055ed8388003&#8243;][vc_column wn_class=&#8221;wn-column-6055ed8387f15&#8243;]<div class=\"wn-distance-20 wn-distance-mob-inherit\"><\/div><article class=\"wn-icon-box icon-box-id-1 icon-box tlp    \"  ><a href=\"\/wp-content\/uploads\/Prelude-Liban-FR.pdf\"  target=\"_blank\" ><i class=\"wn-icon-1 wn-far wn-fa-file-pdf  \"><\/i><\/a><h4 class=\"title-style\">Pr\u00e9lude, FCL Liban, La justice du P\u00e8re<\/h4><div class=\"readmore\"><a class=\"magicmore\" href=\"\/wp-content\/uploads\/Prelude-Liban-FR.pdf\"  target=\"_blank\" >T\u00e9l\u00e9charger<\/a><\/div><\/article>[\/vc_column][\/vc_row]\n<\/section>","protected":false},"excerpt":{"rendered":"<p>[vc_row wn_class=&#8221;wn-row-60957cf6ec217&#8243;][vc_column wn_class=&#8221;wn-column-60957cf6ec16f&#8221;][vc_column_text]Pr\u00e9lude &#8211; FCL Liban\u00a0 1\u00e8re Journ\u00e9e en ligne de la Zone Plurilingue de l&#8217;IF-EPFCL\u00a0 En psychanalyse, on ne parle pas de la justice, elle n\u2019est pas un concept analytique mais elle en est de base. La justice est en fait une probl\u00e9matique biologique et anthropologique. C\u2019est une question qui se pose en philosophie. \u00ab\u00a0L\u2019homme juste \u00e9tablit un ordre int\u00e9rieur, il harmonise les trois parties de son \u00e2me absolument comme les trois termes de l\u2019\u00e9chelle musicale\u00a0\u00bb, disait Platon (La R\u00e9publique). De quelle justice parle-t-on en psychanalyse\u00a0? En parle-t-on\u00a0? Y aurait-il un homme \u00e0 qui le signifiant\u00a0\u00ab\u00a0juste\u00a0\u00bb serait attribuable\u00a0? &nbsp; Certes, malgr\u00e9 l\u2019exclusion de l\u2019emploi du signifiant justice en psychanalyse, La seule justice reste celle de la \u00ab\u00a0castration\u00a0\u00bb (Lacan, le S\u00e9minaire La relation d\u2019objet) faite par le p\u00e8re de la fonction paternelle. C\u2019est la s\u00e9paration de la jouissance du corps de l\u2019Autre maternel. Pour Lacan, la castration ne vient pas tant d\u2019une r\u00e9pression ext\u00e9rieure, que d\u2019une mise en acte du fait de la parole. C\u2019est dans le fait d\u2019\u00eatre pris dans le langage que le sujet perd la jouissance premi\u00e8re de son corps. L\u2019enfant, d\u00e9log\u00e9 de la place d\u2019\u00eatre le phallus de la m\u00e8re y rencontre le p\u00e9nis du p\u00e8re (c\u2019est cela qui justifie son absence). C\u2019est l\u2019exp\u00e9rience du manque qui humanise l\u2019\u00eatre humain par l\u2019acc\u00e8s \u00e0 son d\u00e9sir. La castration serait donc une op\u00e9ration symbolique qui s\u2019exerce sur un objet imaginaire, dont l\u2019agent est le p\u00e8re symbolique. Ainsi, la justice est phallique, elle est la vertu de la Loi. \u00ab\u00a0Je suis castr\u00e9 comme mon p\u00e8re\u00a0!\u00a0\u00bb avec toute la souffrance, la perte, la privation etc\u2026 qu\u2019engendre cet exil de la Lalange maternelle. Du c\u00f4t\u00e9 maternel, l\u2019injustice prend le relais. L\u2019amour maternel est \u00ab\u00a0capricieux\u00a0\u00bb, il porte en lui ce que l\u2019enfant repr\u00e9sente pour sa m\u00e8re. Et dans ce r\u00f4le, le maternel&#8230; <\/p>\n<p><a class=\"readmore\" href=\"https:\/\/champlacanienathenes.net\/fr\/publications-fr\/journees-internationales\/la-justice-du-pere\/\">Continue Reading<\/a><\/p>\n","protected":false},"author":1,"featured_media":146392,"comment_status":"closed","ping_status":"closed","sticky":false,"template":"","format":"standard","meta":{"wds_primary_category":531,"footnotes":""},"categories":[531],"tags":[],"class_list":["post-189379","post","type-post","status-publish","format-standard","has-post-thumbnail","hentry","category-journees-internationales"],"_links":{"self":[{"href":"https:\/\/champlacanienathenes.net\/fr\/wp-json\/wp\/v2\/posts\/189379","targetHints":{"allow":["GET"]}}],"collection":[{"href":"https:\/\/champlacanienathenes.net\/fr\/wp-json\/wp\/v2\/posts"}],"about":[{"href":"https:\/\/champlacanienathenes.net\/fr\/wp-json\/wp\/v2\/types\/post"}],"author":[{"embeddable":true,"href":"https:\/\/champlacanienathenes.net\/fr\/wp-json\/wp\/v2\/users\/1"}],"replies":[{"embeddable":true,"href":"https:\/\/champlacanienathenes.net\/fr\/wp-json\/wp\/v2\/comments?post=189379"}],"version-history":[{"count":0,"href":"https:\/\/champlacanienathenes.net\/fr\/wp-json\/wp\/v2\/posts\/189379\/revisions"}],"wp:featuredmedia":[{"embeddable":true,"href":"https:\/\/champlacanienathenes.net\/fr\/wp-json\/wp\/v2\/media\/146392"}],"wp:attachment":[{"href":"https:\/\/champlacanienathenes.net\/fr\/wp-json\/wp\/v2\/media?parent=189379"}],"wp:term":[{"taxonomy":"category","embeddable":true,"href":"https:\/\/champlacanienathenes.net\/fr\/wp-json\/wp\/v2\/categories?post=189379"},{"taxonomy":"post_tag","embeddable":true,"href":"https:\/\/champlacanienathenes.net\/fr\/wp-json\/wp\/v2\/tags?post=189379"}],"curies":[{"name":"wp","href":"https:\/\/api.w.org\/{rel}","templated":true}]}}