{"id":14166,"date":"2020-04-03T09:00:48","date_gmt":"2020-04-03T06:00:48","guid":{"rendered":"https:\/\/champlacanienathenes.net\/platform-for-seminars-through-teleconference\/"},"modified":"2020-04-11T21:56:16","modified_gmt":"2020-04-11T18:56:16","slug":"commencer-des-seminaires-en-ligne","status":"publish","type":"post","link":"https:\/\/champlacanienathenes.net\/fr\/actualites-du-forum\/commencer-des-seminaires-en-ligne\/","title":{"rendered":"Commencer des s\u00e9minaires en ligne"},"content":{"rendered":"<p>Cher(e)s coll\u00e8gues,<\/p>\n<p>A la suite de l&#8217;annonce du Comit\u00e9 de la formation clinique diffus\u00e9e par le responsable du programme de formation clinique du Forum d&#8217;Ath\u00e8nes, M.Dionysis Bratis, M. George Giakoumakis a cr\u00e9e une plate-forme \u00e9lectronique pour la mise en place des s\u00e9minaires dont les organisateurs souhaitent poursuivre leur visioconf\u00e9rence.<\/p>\n<p>La date fix\u00e9e de ces s\u00e9minaires a \u00e9t\u00e9 mise \u00e0 jour sur le site Web du Forum d&#8217;Ath\u00e8nes. Si vous souhaitez assister \u00e0 ces visioconf\u00e9rences, veuillez nous contacter \u00e0 <a href=\"mailto:info@champlacanienathenes.net\">info@champlacanienathenes.net<\/a> pour plus d&#8217;informations.<\/p>\n<p>Bon courage,<\/p>\n<p>Cordialement<\/p>\n<p>La d\u00e9legu\u00e9e du Forum d&#8217;Ath\u00e8nes<br \/>\nOlga Vlachou<\/p>\n","protected":false},"excerpt":{"rendered":"<p>Cher(e)s coll\u00e8gues, A la suite de l&#8217;annonce du Comit\u00e9 de la formation clinique diffus\u00e9e par le responsable du programme de formation clinique du Forum d&#8217;Ath\u00e8nes, M.Dionysis Bratis, M. George Giakoumakis a cr\u00e9e une plate-forme \u00e9lectronique pour la mise en place des s\u00e9minaires dont les organisateurs souhaitent poursuivre leur visioconf\u00e9rence. La date fix\u00e9e de ces s\u00e9minaires a \u00e9t\u00e9 mise \u00e0 jour sur le site Web du Forum d&#8217;Ath\u00e8nes. Si vous souhaitez assister \u00e0 ces visioconf\u00e9rences, veuillez nous contacter \u00e0 info@champlacanienathenes.net pour plus d&#8217;informations. Bon courage, Cordialement La d\u00e9legu\u00e9e du Forum d&#8217;Ath\u00e8nes Olga Vlachou<\/p>\n","protected":false},"author":1,"featured_media":0,"comment_status":"closed","ping_status":"closed","sticky":false,"template":"","format":"standard","meta":{"wds_primary_category":528,"footnotes":""},"categories":[528],"tags":[526],"class_list":["post-14166","post","type-post","status-publish","format-standard","hentry","category-actualites-du-forum","tag-covid-19-fr"],"_links":{"self":[{"href":"https:\/\/champlacanienathenes.net\/fr\/wp-json\/wp\/v2\/posts\/14166","targetHints":{"allow":["GET"]}}],"collection":[{"href":"https:\/\/champlacanienathenes.net\/fr\/wp-json\/wp\/v2\/posts"}],"about":[{"href":"https:\/\/champlacanienathenes.net\/fr\/wp-json\/wp\/v2\/types\/post"}],"author":[{"embeddable":true,"href":"https:\/\/champlacanienathenes.net\/fr\/wp-json\/wp\/v2\/users\/1"}],"replies":[{"embeddable":true,"href":"https:\/\/champlacanienathenes.net\/fr\/wp-json\/wp\/v2\/comments?post=14166"}],"version-history":[{"count":0,"href":"https:\/\/champlacanienathenes.net\/fr\/wp-json\/wp\/v2\/posts\/14166\/revisions"}],"wp:attachment":[{"href":"https:\/\/champlacanienathenes.net\/fr\/wp-json\/wp\/v2\/media?parent=14166"}],"wp:term":[{"taxonomy":"category","embeddable":true,"href":"https:\/\/champlacanienathenes.net\/fr\/wp-json\/wp\/v2\/categories?post=14166"},{"taxonomy":"post_tag","embeddable":true,"href":"https:\/\/champlacanienathenes.net\/fr\/wp-json\/wp\/v2\/tags?post=14166"}],"curies":[{"name":"wp","href":"https:\/\/api.w.org\/{rel}","templated":true}]}}